{"id":4,"date":"2014-02-10T14:56:20","date_gmt":"2014-02-10T12:56:20","guid":{"rendered":"http:\/\/www.inter-views.org\/wordpress\/?p=4"},"modified":"2019-09-27T16:10:44","modified_gmt":"2019-09-27T14:10:44","slug":"komminmeinewelt","status":"publish","type":"post","link":"https:\/\/www.inter-views.org\/de\/komminmeinewelt\/","title":{"rendered":"Komm&#8216; in meine Welt"},"content":{"rendered":"<p><a href=\"http:\/\/www.inter-views.org\/komminmeinewelt\/komm_in_post_statistik_2\/\" rel=\"attachment wp-att-441\"><img loading=\"lazy\" decoding=\"async\" class=\"alignright size-full wp-image-441\" src=\"http:\/\/www.inter-views.org\/wp-content\/uploads\/komm_in_post_statistik_2.jpg\" alt=\"komm_in_post_statistik_2\" width=\"480\" height=\"267\" \/><\/a><\/p>\n<div id=\"attachment_431\" style=\"width: 490px\" class=\"wp-caption alignright\"><a href=\"http:\/\/www.inter-views.org\/komminmeinewelt\/komm_in_post_1\/\" rel=\"attachment wp-att-431\"><img loading=\"lazy\" decoding=\"async\" aria-describedby=\"caption-attachment-431\" class=\"size-full wp-image-431\" src=\"http:\/\/www.inter-views.org\/wp-content\/uploads\/komm_in_post_1.jpg\" alt=\"Im Kultur Kiosk \/ Letzte Tage! Installation von Komm\u00e2\u20ac\u2122 in meine Welt, hier mit Sch\u00fcler_innen und Lehrer der Hector-Petersen-Schule im Workshop\" width=\"480\" height=\"319\" srcset=\"https:\/\/www.inter-views.org\/wp-content\/uploads\/komm_in_post_1.jpg 480w, https:\/\/www.inter-views.org\/wp-content\/uploads\/komm_in_post_1-300x199.jpg 300w\" sizes=\"auto, (max-width: 480px) 100vw, 480px\" \/><\/a><p id=\"caption-attachment-431\" class=\"wp-caption-text\">Im <em>Kultur Kiosk \/ Letzte Tage!<\/em> \/Fabiana De Barros und Anna Schmid &#8211; Installation von <em>Komm\u00e2\u20ac\u2122 in meine Welt<\/em>, hier mit Sch\u00fcler_innen und Lehrer der Hector-Petersen-Schule im Workshop<\/p><\/div>\n<div id=\"attachment_17\" style=\"width: 490px\" class=\"wp-caption alignright\"><a href=\"http:\/\/www.inter-views.org\/wp-content\/uploads\/komm1.jpg\"><img loading=\"lazy\" decoding=\"async\" aria-describedby=\"caption-attachment-17\" class=\"size-full wp-image-17\" title=\"komm1\" src=\"http:\/\/www.inter-views.org\/wp-content\/uploads\/komm1.jpg\" alt=\"\" width=\"480\" height=\"375\" srcset=\"https:\/\/www.inter-views.org\/wp-content\/uploads\/komm1.jpg 480w, https:\/\/www.inter-views.org\/wp-content\/uploads\/komm1-300x234.jpg 300w\" sizes=\"auto, (max-width: 480px) 100vw, 480px\" \/><\/a><p id=\"caption-attachment-17\" class=\"wp-caption-text\">Montage Zeichnungen der Interviewten<\/p><\/div>\n<p><a href=\"http:\/\/www.inter-views.org\/komminmeinewelt\/komm_in_post_statistik_1\/\" rel=\"attachment wp-att-440\"><img loading=\"lazy\" decoding=\"async\" class=\"alignright size-full wp-image-440\" src=\"http:\/\/www.inter-views.org\/wp-content\/uploads\/komm_in_post_statistik_1.jpg\" alt=\"komm_in_post_statistik_1\" width=\"480\" height=\"347\" srcset=\"https:\/\/www.inter-views.org\/wp-content\/uploads\/komm_in_post_statistik_1.jpg 480w, https:\/\/www.inter-views.org\/wp-content\/uploads\/komm_in_post_statistik_1-300x216.jpg 300w\" sizes=\"auto, (max-width: 480px) 100vw, 480px\" \/><\/a>In meiner Auseinandersetzung mit der Frage nach Erinnerung und kultureller Pr\u00e4gungen sammelte ich in verschiedenen Workshops und Projekten Audio-Aufzeichnungen aus Gespr\u00e4chen, welche die Teilnehmenden \u00fcber ihre <a title=\"DINGE\" href=\"http:\/\/www.inter-views.org\/dinge\/\" target=\"_blank\" rel=\"noopener noreferrer\">fr\u00fcheren Kinderzimmer<\/a> f\u00fchrten.<\/p>\n<p>In meiner Audioinstallation <em>Komm&#8216; in meine Welt<\/em> ist dieses Archiv der Beschreibung privater Erinnerungsr\u00e4ume zu einer knappen Montage komponiert in Fabiana de Barros&#8216; und Anna Schmids <em>Kultur<\/em> <em>Kiosk \/ Letzte Tage!<\/em> in der Ausstellung <em>Gleisdreieck 2012 Kunst im \u00f6ffentlichen Raum <\/em> zu h\u00f6ren.<\/p>\n<p>Es sind dort vier Boxen angebracht worden, denen die jeweils zusammen geschnittenen Beschreibungen einer &#8222;Zimmer Erinnerungskategorie&#8220; zugeordnet sind. Beispielsweise erklingen die zahlreichen Erinnerungen zu dem &#8222;Ausblick&#8220;, dem &#8222;Hochbett&#8220;, &#8222;geheimen T\u00fcren oder W\u00e4nden&#8220; aus einer Box , die Erinnerungen zu &#8222;H\u00f6ren&#8220;, &#8222;Pflanzen, Tieren, Geschwistern und Eltern&#8220; aus der zweiten Box etc.<\/p>\n<p><iframe loading=\"lazy\" src=\"\/\/player.vimeo.com\/video\/117099135\" width=\"250\" height=\"187\" frameborder=\"0\" allowfullscreen=\"allowfullscreen\"><\/iframe><\/p>\n<p>Geheime W\u00e4nde \/ versteckte T\u00fcren, audio 30 sec<\/p>\n<p>Erinnerung vieler als heterogene Beschreibungen gleicher Topoi erm\u00f6glichen so die Erfahrung komplexer individueller Raumerfahrungen, die wiederum politische R\u00e4ume sichtbar machen und sie in den Kontext des <em>Kultur Kiosk \/ Letzte Tage<\/em> sowie der gesamten Ausstellung im Park am Gleisdreieck stellen: Wo f\u00e4ngt Kunst an? Gibt es \u00fcberhaupt noch einen \u00f6ffentlichen Raum?<\/p>\n<p><iframe loading=\"lazy\" src=\"\/\/player.vimeo.com\/video\/117100025\" width=\"250\" height=\"187\" frameborder=\"0\" allowfullscreen=\"allowfullscreen\"><\/iframe><\/p>\n<p>Ausblick \/ Fenster, audio 1 min 09 sec<\/p>\n<p>Den Titel meiner Arbeit entlehnte ich dem Musikvideo Michel Gondry&#8217;s <em>Come into my world <\/em>, in dem Kylie Minogue viermal im Kreis laufend stets auf die gerade vergangene Zeit trifft, eine verwirrende Gegenwart von Vergangenem erzeugend.Sch\u00fcler_innen der benachbarten Hector-Petersen Schule entwickelten und f\u00fchrten Kinderzimmer-Interviews mit Besucher_innen des Parks durch. Ihre Ergebnisse montierte ich in die laufende Audioninstallation.<\/p>\n<p><em>Komm&#8216; in meine Welt<\/em> wurde pr\u00e4sentiert im Rahmen der Ausstellung<\/p>\n<p>Gleisdreieck Berlin 2012<\/p>\n<p>Kunst im \u00f6ffentlichen Raum<\/p>\n<p>Kuratiert von Francine Eggs &amp; Andreas Bitschin<\/p>\n<p>4 Kanal Audioinstallation, Audioloop variabeldimensions: variabel<\/p>","protected":false},"excerpt":{"rendered":"<p>In meiner Auseinandersetzung mit der Frage nach Erinnerung und kultureller Pr\u00e4gungen sammelte ich in verschiedenen Workshops und Projekten Audio-Aufzeichnungen aus Gespr\u00e4chen, welche die Teilnehmenden \u00fcber ihre fr\u00fcheren Kinderzimmer f\u00fchrten. In meiner Audioinstallation Komm&#8216; in meine Welt ist dieses Archiv der &hellip; <a href=\"https:\/\/www.inter-views.org\/de\/komminmeinewelt\/\">Weiterlesen <span class=\"meta-nav\">&rarr;<\/span><\/a><\/p>\n","protected":false},"author":1,"featured_media":2650,"comment_status":"open","ping_status":"open","sticky":false,"template":"","format":"standard","meta":{"footnotes":""},"categories":[1],"tags":[],"class_list":["post-4","post","type-post","status-publish","format-standard","has-post-thumbnail","hentry","category-allgemein"],"_links":{"self":[{"href":"https:\/\/www.inter-views.org\/de\/wp-json\/wp\/v2\/posts\/4","targetHints":{"allow":["GET"]}}],"collection":[{"href":"https:\/\/www.inter-views.org\/de\/wp-json\/wp\/v2\/posts"}],"about":[{"href":"https:\/\/www.inter-views.org\/de\/wp-json\/wp\/v2\/types\/post"}],"author":[{"embeddable":true,"href":"https:\/\/www.inter-views.org\/de\/wp-json\/wp\/v2\/users\/1"}],"replies":[{"embeddable":true,"href":"https:\/\/www.inter-views.org\/de\/wp-json\/wp\/v2\/comments?post=4"}],"version-history":[{"count":67,"href":"https:\/\/www.inter-views.org\/de\/wp-json\/wp\/v2\/posts\/4\/revisions"}],"predecessor-version":[{"id":3024,"href":"https:\/\/www.inter-views.org\/de\/wp-json\/wp\/v2\/posts\/4\/revisions\/3024"}],"wp:featuredmedia":[{"embeddable":true,"href":"https:\/\/www.inter-views.org\/de\/wp-json\/wp\/v2\/media\/2650"}],"wp:attachment":[{"href":"https:\/\/www.inter-views.org\/de\/wp-json\/wp\/v2\/media?parent=4"}],"wp:term":[{"taxonomy":"category","embeddable":true,"href":"https:\/\/www.inter-views.org\/de\/wp-json\/wp\/v2\/categories?post=4"},{"taxonomy":"post_tag","embeddable":true,"href":"https:\/\/www.inter-views.org\/de\/wp-json\/wp\/v2\/tags?post=4"}],"curies":[{"name":"wp","href":"https:\/\/api.w.org\/{rel}","templated":true}]}}