{"id":2502,"date":"1995-08-08T21:05:22","date_gmt":"1995-08-08T19:05:22","guid":{"rendered":"http:\/\/www.inter-views.org\/?p=2502"},"modified":"2019-09-27T16:19:33","modified_gmt":"2019-09-27T14:19:33","slug":"lichtreisen","status":"publish","type":"post","link":"https:\/\/www.inter-views.org\/de\/lichtreisen\/","title":{"rendered":"LICHTREISEN"},"content":{"rendered":"<p><a href=\"http:\/\/www.inter-views.org\/wp-content\/uploads\/Lrraum.jpg\"><img loading=\"lazy\" decoding=\"async\" class=\"alignright size-full wp-image-2505\" src=\"http:\/\/www.inter-views.org\/wp-content\/uploads\/Lrraum.jpg\" alt=\"\" width=\"480\" height=\"320\" srcset=\"https:\/\/www.inter-views.org\/wp-content\/uploads\/Lrraum.jpg 480w, https:\/\/www.inter-views.org\/wp-content\/uploads\/Lrraum-300x200.jpg 300w\" sizes=\"auto, (max-width: 480px) 100vw, 480px\" \/><\/a><\/p>\n<p><iframe loading=\"lazy\" class=\"alignright frameborder=\" src=\"https:\/\/player.vimeo.com\/video\/352783067\" width=\"480\" height=\"400\" frameborder=\"0\" allow=\"autoplay; fullscreen\" allowfullscreen><\/iframe><\/p>\n<p><em>Lichtreisen<\/em> besteht aus einem 16mm Farbfilm und Schwarz-Wei\u00df-Dias. Die Filmschleife zeigt eine Sequenz, die der filmischen Begegnung mit einem Mann entnommen wurde, der an der Alzheimer-Krankheit litt. Der Bildausschnitt zeigt seinen Oberk\u00f6rper und seine H\u00e4nde. Diese H\u00e4nde \u201elesen\u201c ein Magazin: Anstatt die Worte mit seinen Augen zu lesen, bef\u00fchlen und streicheln seine Fingerspitzen das bedruckte Papier.<br \/>\nDie Schwarz-Wei\u00df-Dias, die neben den Film projiziert werden, zeigen Standbilder nicht ver\u00f6ffentlichter Filmsequenzen.<br \/>\n16 mm Farbfilm-Schleife, 1 min 44 s je Durchlauf<br \/>\n27 Schwarz-Wei\u00df-Dias (Litex Film)<br \/>\nProjektionsfl\u00e4chen variabel<br \/>\nAtelier Rungestra\u00dfe 1995 Berlin<\/p>","protected":false},"excerpt":{"rendered":"<p>Lichtreisen besteht aus einem 16mm Farbfilm und Schwarz-Wei\u00df-Dias. Die Filmschleife zeigt eine Sequenz, die der filmischen Begegnung mit einem Mann entnommen wurde, der an der Alzheimer-Krankheit litt. Der Bildausschnitt zeigt seinen Oberk\u00f6rper und seine H\u00e4nde. Diese H\u00e4nde \u201elesen\u201c ein Magazin: &hellip; <a href=\"https:\/\/www.inter-views.org\/de\/lichtreisen\/\">Weiterlesen <span class=\"meta-nav\">&rarr;<\/span><\/a><\/p>\n","protected":false},"author":1,"featured_media":2504,"comment_status":"open","ping_status":"open","sticky":false,"template":"","format":"standard","meta":{"footnotes":""},"categories":[1],"tags":[],"class_list":["post-2502","post","type-post","status-publish","format-standard","has-post-thumbnail","hentry","category-allgemein"],"_links":{"self":[{"href":"https:\/\/www.inter-views.org\/de\/wp-json\/wp\/v2\/posts\/2502","targetHints":{"allow":["GET"]}}],"collection":[{"href":"https:\/\/www.inter-views.org\/de\/wp-json\/wp\/v2\/posts"}],"about":[{"href":"https:\/\/www.inter-views.org\/de\/wp-json\/wp\/v2\/types\/post"}],"author":[{"embeddable":true,"href":"https:\/\/www.inter-views.org\/de\/wp-json\/wp\/v2\/users\/1"}],"replies":[{"embeddable":true,"href":"https:\/\/www.inter-views.org\/de\/wp-json\/wp\/v2\/comments?post=2502"}],"version-history":[{"count":18,"href":"https:\/\/www.inter-views.org\/de\/wp-json\/wp\/v2\/posts\/2502\/revisions"}],"predecessor-version":[{"id":3041,"href":"https:\/\/www.inter-views.org\/de\/wp-json\/wp\/v2\/posts\/2502\/revisions\/3041"}],"wp:featuredmedia":[{"embeddable":true,"href":"https:\/\/www.inter-views.org\/de\/wp-json\/wp\/v2\/media\/2504"}],"wp:attachment":[{"href":"https:\/\/www.inter-views.org\/de\/wp-json\/wp\/v2\/media?parent=2502"}],"wp:term":[{"taxonomy":"category","embeddable":true,"href":"https:\/\/www.inter-views.org\/de\/wp-json\/wp\/v2\/categories?post=2502"},{"taxonomy":"post_tag","embeddable":true,"href":"https:\/\/www.inter-views.org\/de\/wp-json\/wp\/v2\/tags?post=2502"}],"curies":[{"name":"wp","href":"https:\/\/api.w.org\/{rel}","templated":true}]}}